{"id":21235,"date":"2026-03-09T17:24:48","date_gmt":"2026-03-09T20:24:48","guid":{"rendered":"https:\/\/ieslvf-caba.infd.edu.ar\/sitio\/?p=21235"},"modified":"2026-03-09T18:06:40","modified_gmt":"2026-03-09T21:06:40","slug":"evento-por-los-50-anos-del-golpe","status":"publish","type":"post","link":"https:\/\/ieslvf-caba.infd.edu.ar\/sitio\/evento-por-los-50-anos-del-golpe\/","title":{"rendered":"Evento por los 50 a\u00f1os del golpe"},"content":{"rendered":"\n<figure class=\"wp-block-image size-full\"><img decoding=\"async\" loading=\"lazy\" width=\"1080\" height=\"1350\" src=\"https:\/\/ieslvf-caba.infd.edu.ar\/sitio\/wp-content\/uploads\/2026\/03\/Flyer-Proyeccion-24-de-marzo.png\" alt=\"\" class=\"wp-image-21236\" srcset=\"https:\/\/ieslvf-caba.infd.edu.ar\/sitio\/wp-content\/uploads\/2026\/03\/Flyer-Proyeccion-24-de-marzo.png 1080w, https:\/\/ieslvf-caba.infd.edu.ar\/sitio\/wp-content\/uploads\/2026\/03\/Flyer-Proyeccion-24-de-marzo-800x1000.png 800w, https:\/\/ieslvf-caba.infd.edu.ar\/sitio\/wp-content\/uploads\/2026\/03\/Flyer-Proyeccion-24-de-marzo-768x960.png 768w\" sizes=\"(max-width: 1080px) 100vw, 1080px\" \/><\/figure>\n\n\n\n<p>A 50 a\u00f1os del golpe de Estado, proyectaremos <strong><em>Desiderio. Reflexiones sobre un autorretrato<\/em><\/strong>, documental de <strong>Juliana Fischbein<\/strong> que va tras las huellas del di\u00e1logo de la dictadura c\u00edvico-militar con el r\u00e9gimen nacionalsocialista y con el gobierno c\u00f3mplice de la Rep\u00fablica Federal de Alemania. La directora conversar\u00e1 con las investigadoras <strong>Ana Fraile<\/strong> y <strong>Marina Moguillansky<\/strong>. Moderaci\u00f3n: <strong>Silvina Rotemberg<\/strong>&nbsp;<\/p>\n\n\n\n<p>SINOPSIS&nbsp;<\/p>\n\n\n\n<p>Una pel\u00edcula sobre c\u00f3mo relata su vida un alem\u00e1n de 91 a\u00f1os, que estuvo en la Segunda Guerra Mundial, lleg\u00f3 a Argentina en 1948, trabaj\u00f3 en diferentes empresas militares, y sufri\u00f3 la desaparici\u00f3n forzada de un hijo durante la \u00faltima dictadura c\u00edvico-militar. Un supuesto grupo de reporteros de la TV alemana interpreta, cuestiona y busca completar ese relato.&nbsp;<\/p>\n\n\n\n<p><strong>Actividad en castellano<\/strong><br><br><strong>Jueves 26 de marzo a las 18:30\u00a0<\/strong><br><strong>Laboratorio 1<\/strong><br><strong>IES en Lenguas Vivas \u201cJuan Ram\u00f3n Fern\u00e1ndez\u201d<\/strong><br><strong>Carlos Pellegrini 1515<\/strong><\/p>\n","protected":false},"excerpt":{"rendered":"<p>A 50 a\u00f1os del golpe de Estado, proyectaremos Desiderio. Reflexiones sobre un autorretrato, documental de Juliana Fischbein que va tras las huellas del di\u00e1logo de la dictadura c\u00edvico-militar con el r\u00e9gimen nacionalsocialista y con el gobierno c\u00f3mplice de la Rep\u00fablica Federal de Alemania. La directora conversar\u00e1 con las investigadoras Ana Fraile y Marina Moguillansky. Moderaci\u00f3n: &#8230; <a title=\"Evento por los 50 a\u00f1os del golpe\" class=\"read-more\" href=\"https:\/\/ieslvf-caba.infd.edu.ar\/sitio\/evento-por-los-50-anos-del-golpe\/\" aria-label=\"More on Evento por los 50 a\u00f1os del golpe\">[+]<\/a><\/p>\n","protected":false},"author":4,"featured_media":0,"comment_status":"closed","ping_status":"closed","sticky":false,"template":"","format":"image","meta":[],"categories":[1],"tags":[],"acf":[],"_links":{"self":[{"href":"https:\/\/ieslvf-caba.infd.edu.ar\/sitio\/wp-json\/wp\/v2\/posts\/21235"}],"collection":[{"href":"https:\/\/ieslvf-caba.infd.edu.ar\/sitio\/wp-json\/wp\/v2\/posts"}],"about":[{"href":"https:\/\/ieslvf-caba.infd.edu.ar\/sitio\/wp-json\/wp\/v2\/types\/post"}],"author":[{"embeddable":true,"href":"https:\/\/ieslvf-caba.infd.edu.ar\/sitio\/wp-json\/wp\/v2\/users\/4"}],"replies":[{"embeddable":true,"href":"https:\/\/ieslvf-caba.infd.edu.ar\/sitio\/wp-json\/wp\/v2\/comments?post=21235"}],"version-history":[{"count":2,"href":"https:\/\/ieslvf-caba.infd.edu.ar\/sitio\/wp-json\/wp\/v2\/posts\/21235\/revisions"}],"predecessor-version":[{"id":21239,"href":"https:\/\/ieslvf-caba.infd.edu.ar\/sitio\/wp-json\/wp\/v2\/posts\/21235\/revisions\/21239"}],"wp:attachment":[{"href":"https:\/\/ieslvf-caba.infd.edu.ar\/sitio\/wp-json\/wp\/v2\/media?parent=21235"}],"wp:term":[{"taxonomy":"category","embeddable":true,"href":"https:\/\/ieslvf-caba.infd.edu.ar\/sitio\/wp-json\/wp\/v2\/categories?post=21235"},{"taxonomy":"post_tag","embeddable":true,"href":"https:\/\/ieslvf-caba.infd.edu.ar\/sitio\/wp-json\/wp\/v2\/tags?post=21235"}],"curies":[{"name":"wp","href":"https:\/\/api.w.org\/{rel}","templated":true}]}}